{"id":11645,"date":"2025-03-24T11:05:44","date_gmt":"2025-03-24T10:05:44","guid":{"rendered":"https:\/\/robert-geiger.de\/?p=11645"},"modified":"2025-03-26T15:21:02","modified_gmt":"2025-03-26T14:21:02","slug":"besuchen-sie-uns-auf-der-ish-2025-2","status":"publish","type":"post","link":"https:\/\/robert-geiger.de\/fr\/besuchen-sie-uns-auf-der-ish-2025-2\/","title":{"rendered":"ISH 2025 \u2013 Merci de votre visite!"},"content":{"rendered":"<div data-elementor-type=\"wp-post\" data-elementor-id=\"11645\" class=\"elementor elementor-11645\">\n\t\t\t\t<div class=\"elementor-element elementor-element-3148a8d e-flex e-con-boxed e-con e-parent\" data-id=\"3148a8d\" data-element_type=\"container\" data-e-type=\"container\">\n\t\t\t\t\t<div class=\"e-con-inner\">\n\t\t\t\t<div class=\"elementor-element elementor-element-25db7d87 elementor-widget elementor-widget-text-editor\" data-id=\"25db7d87\" data-element_type=\"widget\" data-e-type=\"widget\" data-widget_type=\"text-editor.default\">\n\t\t\t\t<div class=\"elementor-widget-container\">\n\t\t\t\t\t\t\t\t\t<p><span class=\"big-text\">N<\/span> ous vous remercions de votre visite sur notre stand \u00e0 l'ISH de Francfort. Nous sommes ravis de vous rencontrer et de vous pr\u00e9senter nos derniers produits et innovations.<\/p>\n\t\t\t\t\t\t\t\t<\/div>\n\t\t\t\t<\/div>\n\t\t\t\t<div class=\"elementor-element elementor-element-9f1dd1a elementor-widget elementor-widget-spacer\" data-id=\"9f1dd1a\" data-element_type=\"widget\" data-e-type=\"widget\" data-widget_type=\"spacer.default\">\n\t\t\t\t<div class=\"elementor-widget-container\">\n\t\t\t\t\t\t\t<div class=\"elementor-spacer\">\n\t\t\t<div class=\"elementor-spacer-inner\"><\/div>\n\t\t<\/div>\n\t\t\t\t\t\t<\/div>\n\t\t\t\t<\/div>\n\t\t\t\t\t<\/div>\n\t\t\t\t<\/div>\n\t\t<div class=\"elementor-element elementor-element-09af7c9 e-grid e-con-boxed e-con e-parent\" data-id=\"09af7c9\" data-element_type=\"container\" data-e-type=\"container\">\n\t\t\t\t\t<div class=\"e-con-inner\">\n\t\t\t\t<div class=\"elementor-element elementor-element-e275cd6 elementor-widget elementor-widget-image\" data-id=\"e275cd6\" data-element_type=\"widget\" data-e-type=\"widget\" data-widget_type=\"image.default\">\n\t\t\t\t<div class=\"elementor-widget-container\">\n\t\t\t\t\t\t\t\t\t\t\t\t\t\t\t<img fetchpriority=\"high\" decoding=\"async\" width=\"640\" height=\"798\" src=\"https:\/\/robert-geiger.de\/wp-content\/uploads\/2025\/03\/ish-stand-2025-team-821x1024.jpg\" class=\"attachment-large size-large wp-image-11650\" alt=\"Stand de Robert Geiger Technische Bauteile GmbH au salon ISH 2025 \u00e0 Francfort\" srcset=\"https:\/\/robert-geiger.de\/wp-content\/uploads\/2025\/03\/ish-stand-2025-team-821x1024.jpg 821w, https:\/\/robert-geiger.de\/wp-content\/uploads\/2025\/03\/ish-stand-2025-team-241x300.jpg 241w, https:\/\/robert-geiger.de\/wp-content\/uploads\/2025\/03\/ish-stand-2025-team-768x958.jpg 768w, https:\/\/robert-geiger.de\/wp-content\/uploads\/2025\/03\/ish-stand-2025-team-1231x1536.jpg 1231w, https:\/\/robert-geiger.de\/wp-content\/uploads\/2025\/03\/ish-stand-2025-team-10x12.jpg 10w, https:\/\/robert-geiger.de\/wp-content\/uploads\/2025\/03\/ish-stand-2025-team.jpg 1536w\" sizes=\"(max-width: 640px) 100vw, 640px\" \/>\t\t\t\t\t\t\t\t\t\t\t\t\t\t\t<\/div>\n\t\t\t\t<\/div>\n\t\t\t\t<div class=\"elementor-element elementor-element-119cb87 elementor-widget elementor-widget-text-editor\" data-id=\"119cb87\" data-element_type=\"widget\" data-e-type=\"widget\" data-widget_type=\"text-editor.default\">\n\t\t\t\t<div class=\"elementor-widget-container\">\n\t\t\t\t\t\t\t\t\t<p>L'ISH est une plateforme d'\u00e9change privil\u00e9gi\u00e9e avec nos clients et partenaires. Vos questions, suggestions et commentaires nous sont pr\u00e9cieux et nous aident \u00e0 am\u00e9liorer continuellement nos produits.<\/p>\n<p>Nous esp\u00e9rons que vous avez acquis des connaissances int\u00e9ressantes et peut-\u00eatre m\u00eame emport\u00e9 de nouvelles id\u00e9es pour vos projets. Pour plus d'informations sur nos produits, n'h\u00e9sitez pas \u00e0 nous contacter.<\/p>\n<p>Notre \u00e9quipe commerciale est toujours \u00e0 votre disposition.<\/p>\n<p>Merci encore pour votre visite et la confiance que vous nous accordez.<\/p>\n<p>Nous nous r\u00e9jouissons d\u2019une agr\u00e9able coop\u00e9ration.<\/p>\t\t\t\t\t\t\t\t<\/div>\n\t\t\t\t<\/div>\n\t\t\t\t\t<\/div>\n\t\t\t\t<\/div>\n\t\t\t\t<\/div>","protected":false},"excerpt":{"rendered":"<p>Merci d'avoir visit\u00e9 notre stand lors de l'ISH \u00e0 Francfort.<\/p>","protected":false},"author":2,"featured_media":11649,"comment_status":"closed","ping_status":"open","sticky":false,"template":"","format":"standard","meta":{"_acf_changed":false,"inline_featured_image":false,"footnotes":""},"categories":[34,48],"tags":[45,46,47],"class_list":["post-11645","post","type-post","status-publish","format-standard","has-post-thumbnail","hentry","category-unternehmen","category-messe","tag-ish-2025","tag-messe","tag-frankfurt"],"acf":[],"_links":{"self":[{"href":"https:\/\/robert-geiger.de\/fr\/wp-json\/wp\/v2\/posts\/11645","targetHints":{"allow":["GET"]}}],"collection":[{"href":"https:\/\/robert-geiger.de\/fr\/wp-json\/wp\/v2\/posts"}],"about":[{"href":"https:\/\/robert-geiger.de\/fr\/wp-json\/wp\/v2\/types\/post"}],"author":[{"embeddable":true,"href":"https:\/\/robert-geiger.de\/fr\/wp-json\/wp\/v2\/users\/2"}],"replies":[{"embeddable":true,"href":"https:\/\/robert-geiger.de\/fr\/wp-json\/wp\/v2\/comments?post=11645"}],"version-history":[{"count":10,"href":"https:\/\/robert-geiger.de\/fr\/wp-json\/wp\/v2\/posts\/11645\/revisions"}],"predecessor-version":[{"id":11689,"href":"https:\/\/robert-geiger.de\/fr\/wp-json\/wp\/v2\/posts\/11645\/revisions\/11689"}],"wp:featuredmedia":[{"embeddable":true,"href":"https:\/\/robert-geiger.de\/fr\/wp-json\/wp\/v2\/media\/11649"}],"wp:attachment":[{"href":"https:\/\/robert-geiger.de\/fr\/wp-json\/wp\/v2\/media?parent=11645"}],"wp:term":[{"taxonomy":"category","embeddable":true,"href":"https:\/\/robert-geiger.de\/fr\/wp-json\/wp\/v2\/categories?post=11645"},{"taxonomy":"post_tag","embeddable":true,"href":"https:\/\/robert-geiger.de\/fr\/wp-json\/wp\/v2\/tags?post=11645"}],"curies":[{"name":"wp","href":"https:\/\/api.w.org\/{rel}","templated":true}]}}